{"id":985,"global_id":"www.dagmarsaskova.com\/cz?id=985","global_id_lineage":["www.dagmarsaskova.com\/cz?id=985"],"author":"1","status":"publish","date":"2021-07-20 20:37:48","date_utc":"2021-07-20 20:37:48","modified":"2021-07-20 20:37:48","modified_utc":"2021-07-20 20:37:48","url":"https:\/\/www.dagmarsaskova.com\/cz\/event\/les-traversees-baroques%e2%80%89-kaspar-forster\/","rest_url":"https:\/\/www.dagmarsaskova.com\/cz\/wp-json\/tribe\/events\/v1\/events\/985","title":"Les Travers\u00e9es Baroques: Kaspar F\u00f6rster","description":"","excerpt":"","slug":"les-traversees-baroques%e2%80%89-kaspar-forster","image":false,"all_day":false,"start_date":"2021-06-18 20:00:00","start_date_details":{"year":"2021","month":"06","day":"18","hour":"20","minutes":"00","seconds":"00"},"end_date":"2021-06-18 20:00:00","end_date_details":{"year":"2021","month":"06","day":"18","hour":"20","minutes":"00","seconds":"00"},"utc_start_date":"2021-06-18 20:00:00","utc_start_date_details":{"year":"2021","month":"06","day":"18","hour":"20","minutes":"00","seconds":"00"},"utc_end_date":"2021-06-18 20:00:00","utc_end_date_details":{"year":"2021","month":"06","day":"18","hour":"20","minutes":"00","seconds":"00"},"timezone":"UTC+0","timezone_abbr":"UTC+0","cost":"","cost_details":{"currency_symbol":"","currency_code":"","currency_position":"prefix","values":[]},"website":"https:\/\/www.lacitedelavoix.net\/agenda\/fete-de-la-musique\/","show_map":true,"show_map_link":true,"hide_from_listings":false,"sticky":false,"featured":false,"categories":[],"tags":[],"venue":{"id":987,"author":"1","status":"publish","date":"2021-07-20 20:37:48","date_utc":"2021-07-20 20:37:48","modified":"2021-07-20 20:37:48","modified_utc":"2021-07-20 20:37:48","url":"https:\/\/www.dagmarsaskova.com\/cz\/lieu\/vezelay\/","venue":"V\u00e9zelay","slug":"vezelay","address":"Cit\u00e9 de la voix, narthex de la basilique","city":"V\u00e9zelay","country":"France","website":"https:\/\/www.lacitedelavoix.net\/","json_ld":{"@type":"Place","name":"V\u00e9zelay","description":"","url":"","address":{"@type":"PostalAddress","streetAddress":"Cit\u00e9 de la voix, narthex de la basilique","addressLocality":"V\u00e9zelay","addressCountry":"France"},"telephone":"","sameAs":"https:\/\/www.lacitedelavoix.net\/"},"show_map":true,"show_map_link":true,"global_id":"www.dagmarsaskova.com\/cz?id=987","global_id_lineage":["www.dagmarsaskova.com\/cz?id=987"]},"organizer":[],"custom_fields":[],"json_ld":{"@context":"http:\/\/schema.org","@type":"Event","name":"Les Travers\u00e9es Baroques: Kaspar F\u00f6rster","description":"","url":"https:\/\/www.dagmarsaskova.com\/cz\/event\/les-traversees-baroques%e2%80%89-kaspar-forster\/","eventAttendanceMode":"https:\/\/schema.org\/OfflineEventAttendanceMode","eventStatus":"https:\/\/schema.org\/EventScheduled","startDate":"2021-06-18T20:00:00+00:00","endDate":"2021-06-18T20:00:00+00:00","location":{"@type":"Place","name":"V\u00e9zelay","description":"","url":"","address":{"@type":"PostalAddress","streetAddress":"Cit\u00e9 de la voix, narthex de la basilique","addressLocality":"V\u00e9zelay","addressCountry":"France"},"telephone":"","sameAs":"https:\/\/www.lacitedelavoix.net\/"},"performer":"Organization"}}